{"id":27345,"date":"2020-03-31T10:54:23","date_gmt":"2020-03-31T08:54:23","guid":{"rendered":"https:\/\/www.mykoplan.ch\/?p=27345"},"modified":"2024-08-09T09:59:32","modified_gmt":"2024-08-09T07:59:32","slug":"les-champignons-vitaux-et-le-virus-corona-covid-19","status":"publish","type":"post","link":"https:\/\/www.mykoplan.ch\/fr\/les-champignons-vitaux-et-le-virus-corona-covid-19\/","title":{"rendered":"Les champignons vitaux et le virus Corona &#8211; COVID-19"},"content":{"rendered":"\n<p>Pour des raisons juridiques, il nous est malheureusement interdit de faire des d\u00e9clarations th\u00e9rapeutiques sur les effets de nos champignons vitaux. Nous souhaitons donc attirer votre attention sur les recommandations de la <a href=\"https:\/\/www.gfvs.ch\/\" target=\"_blank\" rel=\"noreferrer noopener\">GFVS<\/a> concernant la prise de ces champignons vitaux.<\/p>\n\n\n\n<p>Mykoplan\u00ae est donateur et partenaire de la GFVS. Nous appr\u00e9cions beaucoup la collaboration et sommes heureux de b\u00e9n\u00e9ficier de l\u2019avis d\u2019experts.<\/p>\n\n\n\n<p>Si vous souhaitez obtenir des conseils personnalis\u00e9s sur la mycoth\u00e9rapie, vous pouvez, en tant que client de Mykoplan\u00ae, me le faire savoir. En tant qu\u2019expert en mycoth\u00e9rapie, je vous conseillerai par \u00e9crit ou par t\u00e9l\u00e9phone depuis mon cabinet.<\/p>\n\n\n\n<p>E-mail : <a class=\"rank-math-link\" href=\"&#x6d;a&#x69;&#108;&#x74;&#111;:&#x69;&#110;&#x66;&#111;&#64;&#x74;&#104;&#x6f;&#109;a&#x73;f&#x61;&#108;&#x7a;&#x6f;n&#x65;&#46;&#x63;&#104;\">&#x69;n&#x66;&#111;&#x40;&#116;h&#x6f;m&#x61;&#115;&#x66;&#97;l&#x7a;&#111;&#x6e;&#101;&#46;&#x63;h<\/a><br>T\u00e9l\u00e9phone : <a class=\"rank-math-link\" href=\"tel:0764243656\">076 424 36 56<\/a><\/p>\n\n\n\n<p>Toute l\u2019\u00e9quipe de Mykoplan\u00ae vous souhaite le meilleur dans cette situation particuli\u00e8re !<\/p>\n","protected":false},"excerpt":{"rendered":"<p>Pour des raisons juridiques, il nous est malheureusement interdit de faire des d\u00e9clarations th\u00e9rapeutiques sur les effets de nos champignons vitaux. Nous souhaitons donc attirer votre attention sur les recommandations de la GFVS concernant la prise de ces champignons vitaux. Mykoplan\u00ae est donateur et partenaire de la GFVS. Nous appr\u00e9cions beaucoup la collaboration et sommes &#8230; <a title=\"Les champignons vitaux et le virus Corona &#8211; COVID-19\" class=\"read-more\" href=\"https:\/\/www.mykoplan.ch\/fr\/les-champignons-vitaux-et-le-virus-corona-covid-19\/\" aria-label=\"En savoir plus sur Les champignons vitaux et le virus Corona &#8211; COVID-19\">Lire la suite<\/a><\/p>\n","protected":false},"author":3,"featured_media":0,"comment_status":"closed","ping_status":"open","sticky":false,"template":"","format":"standard","meta":{"_coblocks_attr":"","_coblocks_dimensions":"","_coblocks_responsive_height":"","_coblocks_accordion_ie_support":"","mc4wp_mailchimp_campaign":[],"footnotes":""},"categories":[66],"tags":[],"class_list":["post-27345","post","type-post","status-publish","format-standard","hentry","category-actualites-mykoplan","masonry-post","generate-columns","tablet-grid-50","mobile-grid-100","grid-parent","grid-50"],"_links":{"self":[{"href":"https:\/\/www.mykoplan.ch\/fr\/wp-json\/wp\/v2\/posts\/27345","targetHints":{"allow":["GET"]}}],"collection":[{"href":"https:\/\/www.mykoplan.ch\/fr\/wp-json\/wp\/v2\/posts"}],"about":[{"href":"https:\/\/www.mykoplan.ch\/fr\/wp-json\/wp\/v2\/types\/post"}],"author":[{"embeddable":true,"href":"https:\/\/www.mykoplan.ch\/fr\/wp-json\/wp\/v2\/users\/3"}],"replies":[{"embeddable":true,"href":"https:\/\/www.mykoplan.ch\/fr\/wp-json\/wp\/v2\/comments?post=27345"}],"version-history":[{"count":1,"href":"https:\/\/www.mykoplan.ch\/fr\/wp-json\/wp\/v2\/posts\/27345\/revisions"}],"predecessor-version":[{"id":27346,"href":"https:\/\/www.mykoplan.ch\/fr\/wp-json\/wp\/v2\/posts\/27345\/revisions\/27346"}],"wp:attachment":[{"href":"https:\/\/www.mykoplan.ch\/fr\/wp-json\/wp\/v2\/media?parent=27345"}],"wp:term":[{"taxonomy":"category","embeddable":true,"href":"https:\/\/www.mykoplan.ch\/fr\/wp-json\/wp\/v2\/categories?post=27345"},{"taxonomy":"post_tag","embeddable":true,"href":"https:\/\/www.mykoplan.ch\/fr\/wp-json\/wp\/v2\/tags?post=27345"}],"curies":[{"name":"wp","href":"https:\/\/api.w.org\/{rel}","templated":true}]}}