{"id":27335,"date":"2023-10-09T12:06:39","date_gmt":"2023-10-09T10:06:39","guid":{"rendered":"https:\/\/www.mykoplan.ch\/?p=27335"},"modified":"2024-08-09T09:50:30","modified_gmt":"2024-08-09T07:50:30","slug":"5-ans-de-champignons-vitaux-mykoplan-une-raison-de-celebration","status":"publish","type":"post","link":"https:\/\/www.mykoplan.ch\/fr\/5-ans-de-champignons-vitaux-mykoplan-une-raison-de-celebration\/","title":{"rendered":"5 ans de champignons vitaux Mykoplan\u00ae &#8211; une raison de c\u00e9l\u00e9bration !"},"content":{"rendered":"\n<p>C\u2019est \u00e0 peine croyable, mais Mykoplan\u00ae f\u00eate son 5e anniversaire, et nous voulons partager cet \u00e9v\u00e9nement sp\u00e9cial avec vous ! <img decoding=\"async\" src=\"https:\/\/fonts.gstatic.com\/s\/e\/notoemoji\/15.0\/1f389\/32.png\" alt=\"\ud83c\udf89\"> Depuis cinq ans, nous sommes fiers de vous offrir les meilleurs produits \u00e0 base de champignons vitaux sur le march\u00e9, et il est temps de c\u00e9l\u00e9brer comme il se doit cette ann\u00e9e charni\u00e8re.<\/p>\n\n\n\n<p><img decoding=\"async\" src=\"https:\/\/fonts.gstatic.com\/s\/e\/notoemoji\/15.0\/1f33f\/32.png\" alt=\"\ud83c\udf3f\">\u00a0<strong> Notre parcours jusqu\u2019ici<\/strong><br><br>Cinq ann\u00e9es se sont d\u00e9j\u00e0 \u00e9coul\u00e9es depuis le lancement de Mykoplan\u00ae en 2018. Au cours de ces cinq ann\u00e9es, nous avons travaill\u00e9 sans rel\u00e2che pour rendre le pouvoir des champignons vitaux accessible \u00e0 vous et \u00e0 votre sant\u00e9. Nous avons commenc\u00e9 avec l\u2019ambition de ne produire que des produits \u00e0 base de champignons vitaux de haute qualit\u00e9, certifi\u00e9s bio, fabriqu\u00e9s selon des normes scientifiques en Am\u00e9rique du Nord et encapsul\u00e9s en Suisse. Nous y sommes parvenus, ce qui nous rend tr\u00e8s satisfaits.<\/p>\n\n\n\n<p>Notre mission au cours de ces cinq ann\u00e9es a \u00e9t\u00e9 de vous offrir des produits biologiques naturels de haute qualit\u00e9 qui favorisent votre bien-\u00eatre et votre sant\u00e9. C\u2019est aussi gr\u00e2ce \u00e0 votre soutien que nous avons atteint de nombreuses \u00e9tapes, notamment :<\/p>\n\n\n\n<p><img decoding=\"async\" src=\"https:\/\/fonts.gstatic.com\/s\/e\/notoemoji\/15.0\/2728\/32.png\" alt=\"\u2728\">\u00a0La cr\u00e9ation d\u2019une large gamme de produits bio \u00e0 base de champignons vitaux contenant tous les principaux champignons vitaux.<br><img decoding=\"async\" src=\"https:\/\/fonts.gstatic.com\/s\/e\/notoemoji\/15.0\/2728\/32.png\" alt=\"\u2728\">\u00a0La collaboration avec des experts en recherche et en mycoth\u00e9rapie.<br><img decoding=\"async\" src=\"https:\/\/fonts.gstatic.com\/s\/e\/notoemoji\/15.0\/2728\/32.png\" alt=\"\u2728\">\u00a0L\u2019\u00e9largissement de notre r\u00e9seau mondial de mycoth\u00e9rapeutes et de passionn\u00e9s de ces champignons vitaux.<br><br>Durant cette p\u00e9riode, nous avons \u00e9galement r\u00e9ussi \u00e0 d\u00e9velopper une gamme de produits sp\u00e9cifiques. Vous la connaissez peut-\u00eatre, la ligne MP90. Dans ces produits sp\u00e9ciaux, nous avons intelligemment combin\u00e9 nos champignons vitaux bio avec des substances naturelles pr\u00e9cieuses afin d\u2019atteindre des effets th\u00e9rapeutiques uniques. Les nombreux commentaires positifs que nous recevons \u00e0 ce sujet nous rendent particuli\u00e8rement heureux.<\/p>\n\n\n\n<p><img decoding=\"async\" src=\"https:\/\/fonts.gstatic.com\/s\/e\/notoemoji\/15.0\/1f381\/32.png\" alt=\"\ud83c\udf81\">\u00a0<strong>Nous vous remercions<\/strong><\/p>\n\n\n\n<p><strong>Nous tenons \u00e0 te remercier pour votre fid\u00e9lit\u00e9 et votre confiance en nos produits. Sans vous, Mykoplan\u00ae ne serait pas ce qu\u2019il est aujourd\u2019hui. Pour manifester notre gratitude, nous vous offrons, du 10 octobre 23 au 25 octobre 23, une promotion anniversaire exclusive de 10 % sur tous les produits de la <a href=\"https:\/\/www.mykoplan.ch\/fr\/vitalpilze\/ligne-mp\/\">ligne MP<\/a>.<\/strong><\/p>\n","protected":false},"excerpt":{"rendered":"<p>C\u2019est \u00e0 peine croyable, mais Mykoplan\u00ae f\u00eate son 5e anniversaire, et nous voulons partager cet \u00e9v\u00e9nement sp\u00e9cial avec vous ! Depuis cinq ans, nous sommes fiers de vous offrir les meilleurs produits \u00e0 base de champignons vitaux sur le march\u00e9, et il est temps de c\u00e9l\u00e9brer comme il se doit cette ann\u00e9e charni\u00e8re. \u00a0 Notre &#8230; <a title=\"5 ans de champignons vitaux Mykoplan\u00ae &#8211; une raison de c\u00e9l\u00e9bration !\" class=\"read-more\" href=\"https:\/\/www.mykoplan.ch\/fr\/5-ans-de-champignons-vitaux-mykoplan-une-raison-de-celebration\/\" aria-label=\"En savoir plus sur 5 ans de champignons vitaux Mykoplan\u00ae &#8211; une raison de c\u00e9l\u00e9bration !\">Lire la suite<\/a><\/p>\n","protected":false},"author":3,"featured_media":0,"comment_status":"closed","ping_status":"open","sticky":false,"template":"","format":"standard","meta":{"_coblocks_attr":"","_coblocks_dimensions":"","_coblocks_responsive_height":"","_coblocks_accordion_ie_support":"","mc4wp_mailchimp_campaign":[],"footnotes":""},"categories":[66],"tags":[],"class_list":["post-27335","post","type-post","status-publish","format-standard","hentry","category-actualites-mykoplan","masonry-post","generate-columns","tablet-grid-50","mobile-grid-100","grid-parent","grid-50"],"_links":{"self":[{"href":"https:\/\/www.mykoplan.ch\/fr\/wp-json\/wp\/v2\/posts\/27335","targetHints":{"allow":["GET"]}}],"collection":[{"href":"https:\/\/www.mykoplan.ch\/fr\/wp-json\/wp\/v2\/posts"}],"about":[{"href":"https:\/\/www.mykoplan.ch\/fr\/wp-json\/wp\/v2\/types\/post"}],"author":[{"embeddable":true,"href":"https:\/\/www.mykoplan.ch\/fr\/wp-json\/wp\/v2\/users\/3"}],"replies":[{"embeddable":true,"href":"https:\/\/www.mykoplan.ch\/fr\/wp-json\/wp\/v2\/comments?post=27335"}],"version-history":[{"count":1,"href":"https:\/\/www.mykoplan.ch\/fr\/wp-json\/wp\/v2\/posts\/27335\/revisions"}],"predecessor-version":[{"id":27336,"href":"https:\/\/www.mykoplan.ch\/fr\/wp-json\/wp\/v2\/posts\/27335\/revisions\/27336"}],"wp:attachment":[{"href":"https:\/\/www.mykoplan.ch\/fr\/wp-json\/wp\/v2\/media?parent=27335"}],"wp:term":[{"taxonomy":"category","embeddable":true,"href":"https:\/\/www.mykoplan.ch\/fr\/wp-json\/wp\/v2\/categories?post=27335"},{"taxonomy":"post_tag","embeddable":true,"href":"https:\/\/www.mykoplan.ch\/fr\/wp-json\/wp\/v2\/tags?post=27335"}],"curies":[{"name":"wp","href":"https:\/\/api.w.org\/{rel}","templated":true}]}}